{"id":130,"date":"2013-10-03T12:56:25","date_gmt":"2013-10-03T10:56:25","guid":{"rendered":"http:\/\/felmi.ch\/wp\/?p=130"},"modified":"2013-10-09T00:18:12","modified_gmt":"2013-10-08T22:18:12","slug":"wohnung-geraumt-geputzt-und-abgegeben","status":"publish","type":"post","link":"https:\/\/felmi.ch\/wp\/2013\/10\/03\/wohnung-geraumt-geputzt-und-abgegeben\/","title":{"rendered":"Wohnung ger\u00e4umt, geputzt und abgegeben"},"content":{"rendered":"<p>Die letzten Tage im September waren arbeitsintensiv. Mit vereinten Kr\u00e4ften wurde ger\u00e4umt und geputzt. Es hat sich ausgezahlt schon w\u00e4hrend der letzten Monaten laufend Kleider auszusortieren, Lebensmittel aufzubrauchen und vieles \u00fcber Auktionen loszuwerden.<\/p>\n<p>Der Abgabetermin am 30. Sept 17:00 konnte so mit einem Tag Zeitreserve locker eingehalten werden. Christin und Annette liessen es sich im Wellness gut gehen.<\/p>\n<p>Danke an alle f\u00fcr die Hilfe!<\/p>\n<p><img decoding=\"async\" src=\"wp-content\/uploads\/weltreise\/IMAG0249.jpg\" alt=\"S\u00fcber gep\u00fctzt und dargetan\" \/><br \/>\n<em>S\u00fcber gep\u00fctzt und dargetan.<\/em><\/p>\n","protected":false},"excerpt":{"rendered":"<p>Die letzten Tage im September waren arbeitsintensiv. Mit vereinten Kr\u00e4ften wurde ger\u00e4umt und geputzt. Es hat sich ausgezahlt schon w\u00e4hrend der letzten Monaten laufend Kleider auszusortieren, Lebensmittel aufzubrauchen und vieles \u00fcber Auktionen loszuwerden. Der Abgabetermin am 30. Sept 17:00 konnte &hellip; <a href=\"https:\/\/felmi.ch\/wp\/2013\/10\/03\/wohnung-geraumt-geputzt-und-abgegeben\/\">Continue reading <span class=\"meta-nav\">&rarr;<\/span><\/a><\/p>\n","protected":false},"author":3,"featured_media":0,"comment_status":"open","ping_status":"open","sticky":false,"template":"","format":"standard","meta":{"footnotes":""},"categories":[19],"tags":[],"class_list":["post-130","post","type-post","status-publish","format-standard","hentry","category-vorbereitungen"],"_links":{"self":[{"href":"https:\/\/felmi.ch\/wp\/wp-json\/wp\/v2\/posts\/130","targetHints":{"allow":["GET"]}}],"collection":[{"href":"https:\/\/felmi.ch\/wp\/wp-json\/wp\/v2\/posts"}],"about":[{"href":"https:\/\/felmi.ch\/wp\/wp-json\/wp\/v2\/types\/post"}],"author":[{"embeddable":true,"href":"https:\/\/felmi.ch\/wp\/wp-json\/wp\/v2\/users\/3"}],"replies":[{"embeddable":true,"href":"https:\/\/felmi.ch\/wp\/wp-json\/wp\/v2\/comments?post=130"}],"version-history":[{"count":12,"href":"https:\/\/felmi.ch\/wp\/wp-json\/wp\/v2\/posts\/130\/revisions"}],"predecessor-version":[{"id":167,"href":"https:\/\/felmi.ch\/wp\/wp-json\/wp\/v2\/posts\/130\/revisions\/167"}],"wp:attachment":[{"href":"https:\/\/felmi.ch\/wp\/wp-json\/wp\/v2\/media?parent=130"}],"wp:term":[{"taxonomy":"category","embeddable":true,"href":"https:\/\/felmi.ch\/wp\/wp-json\/wp\/v2\/categories?post=130"},{"taxonomy":"post_tag","embeddable":true,"href":"https:\/\/felmi.ch\/wp\/wp-json\/wp\/v2\/tags?post=130"}],"curies":[{"name":"wp","href":"https:\/\/api.w.org\/{rel}","templated":true}]}}